{"id":3344,"date":"2023-02-08T14:03:59","date_gmt":"2023-02-08T14:03:59","guid":{"rendered":"https:\/\/www.duseprostor.cz\/?p=3344"},"modified":"2023-02-08T14:12:01","modified_gmt":"2023-02-08T14:12:01","slug":"jak-duseprostor-funguje-a-co-se-v-nem-deje","status":"publish","type":"post","link":"https:\/\/www.duseprostor.cz\/?p=3344","title":{"rendered":"Jak Du\u0161eProstor funguje a co se v\u00a0n\u011bm d\u011bje?"},"content":{"rendered":"\n<p class=\"has-white-background-color has-background\">Kdy\u017e p\u00ed\u0161u tento \u010dl\u00e1nek, je konec ledna 2023. Navazuju tu na popis toho, jak vznikal spolek Du\u0161eProstor. Od t\u00e9 doby u\u017e uteklo, jak se mi zd\u00e1, mnoho vody a p\u0159\u00edpravn\u00e9 obdob\u00ed je u\u017e d\u00e1vno za n\u00e1mi, co\u017e ale neznamen\u00e1, \u017ee bychom p\u0159estali p\u0159ipravovat, pl\u00e1novat a realizovat na\u0161e aktivity. Je to j\u00edzda a taky b\u011bh na dlouhou tra\u0165. T\u011b\u0161\u00edme se na nov\u00e1 setk\u00e1n\u00ed a na nov\u00e9 p\u0159\u00edb\u011bhy, kter\u00e9 spole\u010dn\u011b nap\u00ed\u0161eme, pro\u017eijeme.<br>Jak\u00fd byl rok 2022 v\u00a0Du\u0161eProstoru?<br>Prvn\u00ed aktivity jsme zah\u00e1jili podle pl\u00e1nu v\u00a0kv\u011btnu 2022. T\u011b\u0161ili jsme se na prvn\u00ed setk\u00e1v\u00e1n\u00ed s\u00a0nov\u00fdmi lidmi. Nav\u00e1zali jsme spolupr\u00e1ci s\u00a0Otev\u0159en\u00fdmi dve\u0159mi Oblastn\u00ed charity Poli\u010dka a nav\u0161t\u00edvili jsme mj. jejich klubov\u00e9 \u010dinnosti, kter\u00e9 prob\u00edhaly v\u00a0Nada\u010dn\u00edm dom\u011b Josefa Pl\u00edvy ve Svitav\u00e1ch. P\u0159edstavili jsme n\u00e1\u0161 spolek a pozvali \u00fa\u010dastn\u00edky klubu do prostor Centra du\u0161evn\u00edho zdrav\u00ed Svitavy, kde se prozat\u00edm aktivity Du\u0161eProstoru konaj\u00ed.<br>Pravideln\u00fdmi \u00fatern\u00edmi aktivitami spolku, kter\u00e9 se po t\u00fddnu st\u0159\u00eddaj\u00ed, jsou setk\u00e1v\u00e1n\u00ed lid\u00ed se zku\u0161enost\u00ed s\u00a0du\u0161evn\u00edm onemocn\u011bn\u00edm a klubov\u00e9 \u010dinnosti (ty jsou otev\u0159eny v\u0161em, kdo maj\u00ed z\u00e1jem se z\u00fa\u010dastnit). V\u00a0lo\u0148sk\u00e9m roce jsme vyzkou\u0161eli mnoho r\u016fznorod\u00fdch aktivit (keramika, hudebn\u00ed odpoledne, tvorba v\u00e1no\u010dn\u00edch dekorac\u00ed, tr\u00e9nink pam\u011bti), zahr\u00e1li jsme si mnoho her (Dixit, Bang, Uno), vyzkou\u0161eli jsme r\u016fzn\u00e9 sporty (kroket, p\u00e9tanque, badminton, bowling, slack-line) a sly\u0161eli nejednu p\u0159edn\u00e1\u0161ku (nap\u0159. \u010dmel\u00e1c\u00edch).<br>D\u00e1le jsme do programu zahrnuli kurzy, tedy setk\u00e1n\u00ed, kter\u00e1 se opakuj\u00ed a kde se m\u016f\u017eeme nau\u010dit n\u011bco nov\u00e9ho (kurz h\u00e1\u010dkov\u00e1n\u00ed), pop\u0159. se o sob\u011b i n\u011bco nov\u00e9ho dozv\u011bd\u011bt (kurz Harmonizace um\u011bn\u00edm). Lid\u00e9 se zku\u0161enost\u00ed s\u00a0du\u0161evn\u00edm onemocn\u011bn\u00edm se mohli zamyslet nad t\u00edm, komu, kdy a jak sd\u00edlet sv\u016fj osobn\u00ed p\u0159\u00edb\u011bh v\u00a0r\u00e1mci kurzu HOP (\u201eUp\u0159\u00edmn\u00fd, otev\u0159en\u00fd, hrd\u00fd\u201c). Tento kurz a tak\u00e9 beseda pro rodi\u010de a jin\u00e9 p\u0159\u00edbuzn\u00e9 lid\u00ed se zku\u0161enost\u00ed s\u00a0du\u0161evn\u00edm onemocn\u011bn\u00edm prob\u011bhli d\u00edky spolupr\u00e1ci s Iniciativou NA ROVINU.<br>P\u0159ipravovali jsme se tak\u00e9 na senior setk\u00e1v\u00e1n\u00ed.<br>Hojnou \u00fa\u010dast m\u011bly v\u00edkendov\u00e9 pobyty, kter\u00e9 prob\u011bhly v\u00a0Bole\u0161\u00edn\u011b a v\u00a0Kv\u011btn\u00e9 zahrad\u011b. Na prvn\u00edm z\u00a0nich jsme spolupracovali s\u00a0Otev\u0159en\u00fdmi dve\u0159mi. Ten druh\u00fd byl u\u017e jen v\u00a0re\u017eii Du\u0161eProstoru. Pobyty p\u0159inesly nejen spoustu z\u00e1\u017eitk\u016f, ale byl tu i prostor pro sezn\u00e1men\u00ed s\u00a0nov\u00fdmi lidmi a jejich zku\u0161enostmi.<br>V\u00fdlety jsou tak\u00e9 velmi obl\u00edben\u00e9. Na prvn\u00ed z nich jsme vyrazili spole\u010dn\u011b s\u00a0P\u0159\u00e1telskou skupinou DIVI-ZNA do Borov\u00e9. Po p\u011bkn\u00e9m v\u00fd\u0161lapu nechyb\u011blo ani posiln\u011bn\u00ed v\u00a0roubence. P\u0159\u00edjemn\u00e9 chv\u00edle, tak\u00e9 dopln\u011bn\u00e9 k\u00e1vi\u010dkou a dezert\u00edkem, jsme str\u00e1vili na v\u00fdlet\u011b v\u00a0p\u0159edv\u00e1no\u010dn\u00ed Praze. V\u00a0dob\u011b adventu je Praha pln\u00e1 turist\u016f, p\u0159esto jsme si v\u00fdlet nenechali zkazit ani p\u0159epln\u011bn\u00fdm Karlov\u00fdm mostem a jen jsme odbo\u010dili jinam a d\u00e1l jsme si u\u017e\u00edvali kr\u00e1sy Prahy.<br>V\u00fdstava, kter\u00e1 prob\u00edhala na \u017div\u00e9 zdi ve Svitav\u00e1ch, m\u011bla c\u00edl vzd\u011bl\u00e1vac\u00ed a destigmatiza\u010dn\u00ed. Kolemjdouc\u00ed se mohli zastavit u obr\u00e1zku, kter\u00fd jim padl do oka, a p\u0159e\u010d\u00edst si m\u00fdty a fakta spojen\u00e1 s\u00a0psychiatri\u00ed a s\u00a0lidmi se zku\u0161enost\u00ed s\u00a0du\u0161evn\u00edm onemocn\u011bn\u00edm.<br>Pohodov\u00e1 Du\u0161ep\u00e1rty se konala v\u00a0Poli\u010dce a p\u0159inesla tak\u00e9 mnoho p\u0159\u00edjemn\u00fdch z\u00e1\u017eitk\u016f, pov\u00eddan\u00ed, besedov\u00e1n\u00ed, sd\u00edlen\u00ed a tak\u00e9 ochutn\u00e1v\u00e1n\u00ed a mls\u00e1n\u00ed. Ob\u010derstven\u00ed bylo toti\u017e pestr\u00e9 a bohat\u00e9. Nechyb\u011bla ani grilova\u010dka. Tato akce prob\u00edhala tak\u00e9 ve spolupr\u00e1ci s\u00a0Otev\u0159en\u00fdmi dve\u0159mi. D\u011bkujeme.<br>Vzd\u011bl\u00e1v\u00e1n\u00ed o problematice du\u0161evn\u00edho zdrav\u00ed i nemoci prob\u00edh\u00e1 v\u00a0r\u00e1mci besed na st\u0159edn\u00edch \u0161kol\u00e1ch a d\u00edky p\u0159edn\u00e1\u0161k\u00e1m. D\u011bkujeme p\u0159edn\u00e1\u0161ej\u00edc\u00edm, kter\u00fdmi byli Petr Winkler, Miroslava Navr\u00e1tilov\u00e1, Mark\u00e9ta \u0160vejdov\u00e1, Martin Holl\u00fd, Dana Chrtkov\u00e1 a Zbyn\u011bk Roboch. Rozptyl t\u00e9mat byl velmi \u0161irok\u00fd \u2013 sebevra\u017edy, poruchy p\u0159\u00edjmu potravy, Alzheimerova choroba a jin\u00e9 demence, vztah t\u011bla a du\u0161e, pr\u00e1va lid\u00ed se zku\u0161enost\u00ed s\u00a0du\u0161evn\u00edm onemocn\u011bn\u00edm. V\u011b\u0159\u00edme, \u017ee ka\u017ed\u00fd \u00fa\u010dastn\u00edk se mohl dozv\u011bd\u011bt n\u011bco nov\u00e9ho a roz\u0161\u00ed\u0159it si tak svoje obzory. P\u0159esn\u011b to se d\u011bje i p\u0159i besed\u00e1ch na \u0161kol\u00e1ch. D\u011bkujeme i lektor\u016fm t\u011bchto besed za p\u0159esn\u00e9 informace a z\u00e1rove\u0148 za autentick\u00e9 v\u00fdpov\u011bdi lidem s\u00a0vlastn\u00ed zku\u0161enost\u00ed s\u00a0du\u0161evn\u00edm onemocn\u011bn\u00edm.<br>V\u00a0t\u011bchto \u010dinnostech budeme ur\u010dit\u011b pokra\u010dovat. M\u00e1 to smysl a p\u0159in\u00e1\u0161\u00ed to mo\u017enost porozum\u011bn\u00ed. A n\u00e1m tak\u00e9 radost z\u00a0dob\u0159e odveden\u00e9 pr\u00e1ce.<\/p>\n\n\n\n<p class=\"has-white-background-color has-background\">Na\u0161\u00edm c\u00edlem i v\u00a0roce 2023 je v\u011bnovat se problematice du\u0161evn\u00edho zdrav\u00ed v cel\u00e9 jeho \u0161\u00ed\u0159i. Jedn\u00e1 se o dlouhodob\u00fd pl\u00e1n a po\u0159\u00e1d je p\u0159ed n\u00e1mi spoustu mo\u017enost\u00ed a v\u00fdzev.<br>V\u00a0lednu prob\u011bhla \u010dlensk\u00e1 sch\u016fze, kter\u00e1 m\u016f\u017ee p\u0159ij\u00edmat nov\u00e9 \u010dleny. A p\u0159esn\u011b to se stalo. Je n\u00e1s zase v\u00edc a t\u011b\u0161\u00edme se na spolupr\u00e1ci a setk\u00e1v\u00e1n\u00ed s\u00a0V\u00e1mi. Nov\u00ed \u010dlenov\u00e9 p\u0159in\u00e1\u0161ej\u00ed i novou energii a n\u00e1pady, proto se m\u00e1te ur\u010dit\u011b na co t\u011b\u0161it.<br>V\u00a0roce 2023 m\u00e1me v\u00a0pl\u00e1nu nav\u00e1zat na aktivity z\u00a0minul\u00e9ho roku a jen lehce je roz\u0161i\u0159ovat, nap\u0159. o dal\u0161\u00ed jednodenn\u00ed v\u00fdlety. Klubov\u00e9 \u010dinnosti se p\u0159ibl\u00ed\u017e\u00ed lidem z\u00a0Poli\u010dska. Budou se konat od dubna v\u017edy druh\u00fd \u010dtvrtek v\u00a0m\u011bs\u00edci v\u00a0Centru pro rodinu MaTami v\u00a0Poli\u010dce.<br>Ve Svitav\u00e1ch budou i nad\u00e1le prob\u00edhat \u00fatern\u00ed klubov\u00e9 \u010dinnosti, kter\u00e9 se budou st\u0159\u00eddat s\u00a0\u00fatern\u00ed sv\u00e9pomocnou skupinou pro lidi se zku\u0161enost\u00ed s\u00a0du\u0161evn\u00edm onemocn\u011bn\u00edm. R\u00e1di poskytneme prostor i pro sv\u00e9pomocnou skupinu p\u0159\u00edbuzn\u00fdch a p\u0159\u00e1tel lid\u00ed se zku\u0161enost\u00ed s\u00a0du\u0161evn\u00edm nemocn\u011bn\u00edm. Zat\u00edm hled\u00e1me z\u00e1jemce. Pokud jste takov\u00fdm z\u00e1jemcem pr\u00e1v\u011b Vy, nev\u00e1hejte n\u00e1s kontaktovat.<br>I tento rok budou prob\u00edhat kurzy. V\u00edkendov\u00e9 pobyty m\u00e1me v\u00a0pl\u00e1nu realizovat dva. U\u017eijeme si i p\u00e1rty, a to p\u0159\u00edmo \u201eDu\u0161eP\u00e1rty\u201c.<br>Pl\u00e1n\u016f je mnoho. Chceme se dr\u017eet toho, co n\u00e1m u\u017e funguje. T\u011b\u0161\u00edme se na dal\u0161\u00ed rok s\u00a0V\u00e1mi. Sledujte n\u00e1\u0161 program i Facebook, kde se postupn\u011b v\u0161echny novinky a aktivity budou objevovat a aktualizovat.<\/p>\n\n\n\n<p class=\"has-white-background-color has-background\">Zaujala V\u00e1s na\u0161e nab\u00eddka? Jste zv\u011bdav\u00ed, jak to prob\u00edh\u00e1 ve skute\u010dnosti? Pak nev\u00e1hejte a ur\u010dit\u011b p\u0159ij\u010fte mezi n\u00e1s. T\u011b\u0161\u00edme se na V\u00e1s.<\/p>\n\n\n\n<p class=\"has-text-align-right has-white-background-color has-background\">Marie Bo\u0161t\u00edkov\u00e1 z Du\u0161eProstoru<\/p>\n","protected":false},"excerpt":{"rendered":"<p>Kdy\u017e p\u00ed\u0161u tento \u010dl\u00e1nek, je konec ledna 2023. Navazuju tu na popis toho, jak vznikal spolek Du\u0161eProstor. Od t\u00e9 doby u\u017e uteklo, jak se mi zd\u00e1, mnoho vody a p\u0159\u00edpravn\u00e9 obdob\u00ed je u\u017e d\u00e1vno za n\u00e1mi, co\u017e ale neznamen\u00e1, \u017ee bychom p\u0159estali p\u0159ipravovat, pl\u00e1novat a realizovat na\u0161e aktivity. Je to j\u00edzda a taky b\u011bh na [&hellip;]<\/p>\n","protected":false},"author":1,"featured_media":0,"comment_status":"closed","ping_status":"","sticky":false,"template":"","format":"standard","meta":{"_jetpack_memberships_contains_paid_content":false,"footnotes":""},"categories":[1],"tags":[],"class_list":["post-3344","post","type-post","status-publish","format-standard","hentry","category-svet"],"jetpack_sharing_enabled":true,"jetpack_featured_media_url":"","_links":{"self":[{"href":"https:\/\/www.duseprostor.cz\/index.php?rest_route=\/wp\/v2\/posts\/3344","targetHints":{"allow":["GET"]}}],"collection":[{"href":"https:\/\/www.duseprostor.cz\/index.php?rest_route=\/wp\/v2\/posts"}],"about":[{"href":"https:\/\/www.duseprostor.cz\/index.php?rest_route=\/wp\/v2\/types\/post"}],"author":[{"embeddable":true,"href":"https:\/\/www.duseprostor.cz\/index.php?rest_route=\/wp\/v2\/users\/1"}],"replies":[{"embeddable":true,"href":"https:\/\/www.duseprostor.cz\/index.php?rest_route=%2Fwp%2Fv2%2Fcomments&post=3344"}],"version-history":[{"count":5,"href":"https:\/\/www.duseprostor.cz\/index.php?rest_route=\/wp\/v2\/posts\/3344\/revisions"}],"predecessor-version":[{"id":3349,"href":"https:\/\/www.duseprostor.cz\/index.php?rest_route=\/wp\/v2\/posts\/3344\/revisions\/3349"}],"wp:attachment":[{"href":"https:\/\/www.duseprostor.cz\/index.php?rest_route=%2Fwp%2Fv2%2Fmedia&parent=3344"}],"wp:term":[{"taxonomy":"category","embeddable":true,"href":"https:\/\/www.duseprostor.cz\/index.php?rest_route=%2Fwp%2Fv2%2Fcategories&post=3344"},{"taxonomy":"post_tag","embeddable":true,"href":"https:\/\/www.duseprostor.cz\/index.php?rest_route=%2Fwp%2Fv2%2Ftags&post=3344"}],"curies":[{"name":"wp","href":"https:\/\/api.w.org\/{rel}","templated":true}]}}