{"id":3483,"date":"2023-02-23T12:04:26","date_gmt":"2023-02-23T12:04:26","guid":{"rendered":"https:\/\/www.duseprostor.cz\/?p=3483"},"modified":"2023-02-23T12:11:11","modified_gmt":"2023-02-23T12:11:11","slug":"jednodenni-vylety-prvni-do-moravske-trebove","status":"publish","type":"post","link":"https:\/\/www.duseprostor.cz\/?p=3483","title":{"rendered":"Jednodenn\u00ed v\u00fdlety &#8211; prvn\u00ed do Moravsk\u00e9 T\u0159ebov\u00e9"},"content":{"rendered":"\n<p class=\"has-white-background-color has-background\">Mil\u00ed p\u0159\u00edznivci Du\u0161eProstoru!<\/p>\n\n\n\n<p class=\"has-white-background-color has-background\">V n\u00e1sleduj\u00edc\u00edch m\u011bs\u00edc\u00edch se m\u016f\u017eete krom\u011b ostatn\u00edch aktivit Du\u0161eProstoru t\u011b\u0161it na JEDNODENN\u00cd V\u00ddLETY, kter\u00e9 pro V\u00e1s pl\u00e1nujeme. JDE O V\u00ddLETY V OKRESU SVITAVY \ud83d\ude42<br>Nav\u0161t\u00edv\u00edme pam\u00e1tky a kav\u00e1rny m\u011bst: Moravsk\u00e1 T\u0159ebov\u00e1, Poli\u010dka, Litomy\u0161l, Svitavy&#8230;<br>Pokud m\u00e1te n\u011bjak\u00fd dal\u0161\u00ed n\u00e1pad, sem s n\u00edm:) Sta\u010d\u00ed zaslat zpr\u00e1vu na Messenger Du\u0161e_Prostor.<br>Napl\u00e1nujeme i n\u011bjak\u00fd v\u00fd\u0161lap do p\u0159\u00edrody&#8230; zat\u00edm vym\u00fd\u0161l\u00edme n\u00e1m\u011bty \ud83d\ude42<br>V\u00fdlet bude organizov\u00e1n v\u017edy jednou za m\u011bs\u00edc.<br>Sledujte na\u0161e webov\u00e9 str\u00e1nky www.duseprostor.cz \ud83d\ude42<\/p>\n\n\n\n<p class=\"has-white-background-color has-background\">PRVN\u00cd v\u00fdlet je napl\u00e1novan\u00fd do Moravsk\u00e9 T\u0159ebov\u00e9 na SOBOTU 18. 3. 2023.<br>Sraz bude na parkovi\u0161ti u autobusov\u00e9ho n\u00e1dra\u017e\u00ed v 11:00 hod.<br>N\u00e1sledovat bude proch\u00e1zka do parku, kde stoj\u00ed historick\u00e9 muzeum.<br>POT\u00c9 NECH\u00c1ME NA SPOLE\u010cN\u00c9 DOMLUV\u011a dle aktu\u00e1ln\u00edho po\u010das\u00ed, kam se vyraz\u00edme ob\u010derstvit:)<br>Ti jedinci, kte\u0159\u00ed se neboj\u00ed t\u00fary, se mohou\u00a0vydat\u00a0v doprovodu rod\u00e1ka z Moravsk\u00e9 T\u0159ebov\u00e9 na K\u0159\u00ed\u017eov\u00fd vrch (asi 2 km) &#8211; \u010dek\u00e1 je\u00a0kr\u00e1sn\u00e1 vyhl\u00eddka.<br>Je mo\u017en\u00e1 i proch\u00e1zka\u00a0k so\u0161e pla\u010d\u00edc\u00ed Anny, ke kter\u00e9 se v\u00e1\u017ee romantick\u00fd p\u0159\u00edb\u011bh.<br>N\u00e1sledovat bude prohl\u00eddka Z\u00e1mku, kde si m\u016f\u017eete vybrat okruh prohl\u00eddky:<br>1. Poklady Moravsk\u00e9 T\u0159ebov\u00e9 &#8211; (160,- K\u010d) ve 13:00 hod.<br>2. St\u0159edov\u011bk\u00e1 mu\u010d\u00edrna &#8211; (120,- K\u010d) ve 14:45 hod.<br>Ve 13:00 hodin\u00a0otev\u00edr\u00e1 Z\u00e1meck\u00e1 Kav\u00e1rna a tak\u00e9 Laskav\u00e1rna.<br>V Laskav\u00e1rn\u011b je v\u00fdstava obraz\u016f M\u00edly Gloserov\u00e9 \u201eAND\u011aL\u00c9 STR\u00c1\u017dN\u00cd\u201c.<br>P\u0158EDPOKL\u00c1DAN\u00dd KONEC V\u00ddLETU BUDE OKOLO 16:00 HODIN.<\/p>\n\n\n\n<p class=\"has-white-background-color has-background\">Na v\u00fdlet se m\u016f\u017eete p\u0159ihl\u00e1sit na email: hankabarvova@seznam.cz nebo na telefon: 605 460\u00a0224.<\/p>\n\n\n\n<p class=\"has-text-align-right has-white-background-color has-background\">Hanka Barvov\u00e1 z Du\u0161eProstoru<\/p>\n\n\n\n<figure class=\"wp-block-image size-large\"><img data-recalc-dims=\"1\" fetchpriority=\"high\" decoding=\"async\" width=\"725\" height=\"1024\" src=\"https:\/\/i0.wp.com\/www.duseprostor.cz\/wp-content\/uploads\/2023\/02\/Moravska-Trebova_vylet.jpg?resize=725%2C1024&#038;ssl=1\" alt=\"\" class=\"wp-image-3484\" srcset=\"https:\/\/i0.wp.com\/www.duseprostor.cz\/wp-content\/uploads\/2023\/02\/Moravska-Trebova_vylet.jpg?resize=725%2C1024&amp;ssl=1 725w, https:\/\/i0.wp.com\/www.duseprostor.cz\/wp-content\/uploads\/2023\/02\/Moravska-Trebova_vylet.jpg?resize=212%2C300&amp;ssl=1 212w, https:\/\/i0.wp.com\/www.duseprostor.cz\/wp-content\/uploads\/2023\/02\/Moravska-Trebova_vylet.jpg?resize=768%2C1085&amp;ssl=1 768w, https:\/\/i0.wp.com\/www.duseprostor.cz\/wp-content\/uploads\/2023\/02\/Moravska-Trebova_vylet.jpg?resize=1087%2C1536&amp;ssl=1 1087w, https:\/\/i0.wp.com\/www.duseprostor.cz\/wp-content\/uploads\/2023\/02\/Moravska-Trebova_vylet.jpg?resize=566%2C800&amp;ssl=1 566w, https:\/\/i0.wp.com\/www.duseprostor.cz\/wp-content\/uploads\/2023\/02\/Moravska-Trebova_vylet.jpg?resize=459%2C649&amp;ssl=1 459w, https:\/\/i0.wp.com\/www.duseprostor.cz\/wp-content\/uploads\/2023\/02\/Moravska-Trebova_vylet.jpg?w=1192&amp;ssl=1 1192w\" sizes=\"(max-width: 725px) 100vw, 725px\" \/><\/figure>\n","protected":false},"excerpt":{"rendered":"<p>Mil\u00ed p\u0159\u00edznivci Du\u0161eProstoru! V n\u00e1sleduj\u00edc\u00edch m\u011bs\u00edc\u00edch se m\u016f\u017eete krom\u011b ostatn\u00edch aktivit Du\u0161eProstoru t\u011b\u0161it na JEDNODENN\u00cd V\u00ddLETY, kter\u00e9 pro V\u00e1s pl\u00e1nujeme. JDE O V\u00ddLETY V OKRESU SVITAVY \ud83d\ude42Nav\u0161t\u00edv\u00edme pam\u00e1tky a kav\u00e1rny m\u011bst: Moravsk\u00e1 T\u0159ebov\u00e1, Poli\u010dka, Litomy\u0161l, Svitavy&#8230;Pokud m\u00e1te n\u011bjak\u00fd dal\u0161\u00ed n\u00e1pad, sem s n\u00edm:) Sta\u010d\u00ed zaslat zpr\u00e1vu na Messenger Du\u0161e_Prostor.Napl\u00e1nujeme i n\u011bjak\u00fd v\u00fd\u0161lap do p\u0159\u00edrody&#8230; zat\u00edm [&hellip;]<\/p>\n","protected":false},"author":1,"featured_media":0,"comment_status":"closed","ping_status":"","sticky":false,"template":"","format":"standard","meta":{"_jetpack_memberships_contains_paid_content":false,"footnotes":""},"categories":[1],"tags":[],"class_list":["post-3483","post","type-post","status-publish","format-standard","hentry","category-svet"],"jetpack_sharing_enabled":true,"jetpack_featured_media_url":"","_links":{"self":[{"href":"https:\/\/www.duseprostor.cz\/index.php?rest_route=\/wp\/v2\/posts\/3483","targetHints":{"allow":["GET"]}}],"collection":[{"href":"https:\/\/www.duseprostor.cz\/index.php?rest_route=\/wp\/v2\/posts"}],"about":[{"href":"https:\/\/www.duseprostor.cz\/index.php?rest_route=\/wp\/v2\/types\/post"}],"author":[{"embeddable":true,"href":"https:\/\/www.duseprostor.cz\/index.php?rest_route=\/wp\/v2\/users\/1"}],"replies":[{"embeddable":true,"href":"https:\/\/www.duseprostor.cz\/index.php?rest_route=%2Fwp%2Fv2%2Fcomments&post=3483"}],"version-history":[{"count":3,"href":"https:\/\/www.duseprostor.cz\/index.php?rest_route=\/wp\/v2\/posts\/3483\/revisions"}],"predecessor-version":[{"id":3487,"href":"https:\/\/www.duseprostor.cz\/index.php?rest_route=\/wp\/v2\/posts\/3483\/revisions\/3487"}],"wp:attachment":[{"href":"https:\/\/www.duseprostor.cz\/index.php?rest_route=%2Fwp%2Fv2%2Fmedia&parent=3483"}],"wp:term":[{"taxonomy":"category","embeddable":true,"href":"https:\/\/www.duseprostor.cz\/index.php?rest_route=%2Fwp%2Fv2%2Fcategories&post=3483"},{"taxonomy":"post_tag","embeddable":true,"href":"https:\/\/www.duseprostor.cz\/index.php?rest_route=%2Fwp%2Fv2%2Ftags&post=3483"}],"curies":[{"name":"wp","href":"https:\/\/api.w.org\/{rel}","templated":true}]}}