{"id":3495,"date":"2023-03-07T11:59:01","date_gmt":"2023-03-07T11:59:01","guid":{"rendered":"https:\/\/www.duseprostor.cz\/?p=3495"},"modified":"2023-03-07T12:01:05","modified_gmt":"2023-03-07T12:01:05","slug":"zveme-vas-na-vikendovy-poby","status":"publish","type":"post","link":"https:\/\/www.duseprostor.cz\/?p=3495","title":{"rendered":"Zveme V\u00e1s na v\u00edkendov\u00fd pobyt"},"content":{"rendered":"\n<p class=\"has-white-background-color has-background\">Mil\u00ed p\u0159\u00edznivci Du\u0161eProstoru!<\/p>\n\n\n\n<p class=\"has-white-background-color has-background\">V m\u011bs\u00edci \u010dervnu a z\u00e1\u0159\u00ed se m\u016f\u017eete&nbsp;t\u011b\u0161it na v\u00edkendov\u00e9 pobyty. Jedn\u00e1 se o pobyty trvaj\u00edc\u00ed od p\u00e1tku do ned\u011ble. Zaji\u0161t\u011bno bude ubytov\u00e1n\u00ed i strava (polopenze) v kr\u00e1sn\u00e9m prost\u0159ed\u00ed uprost\u0159ed p\u0159\u00edrody.<\/p>\n\n\n\n<p class=\"has-white-background-color has-background\">Prvn\u00ed pobyt m\u00e1me napl\u00e1novan\u00fd do Lan\u0161krounsk\u00e9ho kempu Knofl\u00edk. Term\u00edn je stanoven na 23. 6. 2023 a\u017e 25. 6. 2023. Je to bl\u00edzko p\u0159\u00edrodn\u00edho parku Lan\u0161krounsk\u00e9 rybn\u00edky. Je mo\u017en\u00e9 tam dojet i ve\u0159ejnou dopravou. Kdo m\u00e1 z\u00e1jem, m\u016f\u017ee vyu\u017e\u00edt (po domluv\u011b) dopravu autem. Sraz bude ve m\u011bstech Moravsk\u00e1 T\u0159ebov\u00e1, Svitavy a Poli\u010dka, ve v\u0161ech p\u0159\u00edpadech na autobusov\u00e9m n\u00e1dra\u017e\u00ed ve 13:00 hod.&nbsp; Sraz v kempu m\u00e1me v p\u00e1tek ve 14:00 hod. v restauraci Knofl\u00edk. Pokud by tam n\u011bkdo cht\u011bl ob\u011bdvat, klidn\u011b m\u016f\u017ee. Ubytujeme se v chatk\u00e1ch po 4 osob\u00e1ch. P\u0159ed ve\u010de\u0159\u00ed n\u00e1m zbyde spousta \u010dasu na malou proch\u00e1zku na vyhl\u00eddku Kypu\u0161. Pak je v pl\u00e1nu grilov\u00e1n\u00ed. Po ve\u010de\u0159i nastane \u010das pro volnou z\u00e1bavu. Vezm\u011bte si s&nbsp;sebou sv\u00e9 obl\u00edben\u00e9 hry, a\u0165 si m\u016f\u017eeme n\u011bco zahr\u00e1t. Nebo si m\u016f\u017eeme lehce zasportovat. Zahr\u00e1t si badminton, beachvolejbal, minigolf apod. A ve\u010derka? Ka\u017ed\u00fd, jak se bude c\u00edtit&#8230;<\/p>\n\n\n\n<p class=\"has-white-background-color has-background\">Druh\u00fd den n\u00e1s \u010dek\u00e1 sn\u00eddan\u011b formou \u0161v\u00e9dsk\u00fdch stol\u016f. Dopoledne m\u016f\u017ee b\u00fdt proch\u00e1zka po p\u0159\u00edrodn\u00edm parku Lan\u0161krounsk\u00e9 rybn\u00edky, kde je nau\u010dn\u00e1 stezka.&nbsp;Tam se mohou n\u00e1v\u0161t\u011bvn\u00edci podrobn\u011bji sezn\u00e1mit se zaj\u00edmavostmi tohoto \u00fazem\u00ed.&nbsp;&nbsp;Po domluv\u011b m\u016f\u017eeme j\u00edt 5 a\u017e 7 km. K pozdn\u00edmu ob\u011bdu se nab\u00edz\u00ed restaurace Knofl\u00edk. Kdo by si cht\u011bl nakoupit v&nbsp;Kauflandu, je to 30 minut ch\u016fze od kempu. Do m\u011bsta Lan\u0161krouna je to 40 minut ch\u016fze. Tam se nach\u00e1z\u00ed z\u00e1mek a muzeum. Potom bude \u010das na odpo\u010dinek \u2013 nap\u0159. na koupali\u0161ti, nebo na minigolfu&#8230; Samoz\u0159ejm\u011b n\u00e1s ve\u010der \u010dek\u00e1 ve\u010de\u0159e a spole\u010densk\u00e9 hry.<\/p>\n\n\n\n<p class=\"has-white-background-color has-background\">V ned\u011bli po sn\u00eddani m\u016f\u017eeme v kole\u010dku zhodnotit pobyt, abychom v\u011bd\u011bli, jestli je tato destinace vyhovuj\u00edc\u00ed i pro p\u0159\u00ed\u0161t\u011b.&nbsp; Sbal\u00edme se a&nbsp;pl\u00e1novan\u00fd rozchod bude v&nbsp;11:00 hod. auty zase dom\u016f.<\/p>\n\n\n\n<p class=\"has-text-align-right\">Monika Mazlov\u00e1 z Du\u0161eProstoru<\/p>\n\n\n\n<figure class=\"wp-block-image size-large\"><img data-recalc-dims=\"1\" fetchpriority=\"high\" decoding=\"async\" width=\"800\" height=\"532\" src=\"https:\/\/i0.wp.com\/www.duseprostor.cz\/wp-content\/uploads\/2023\/03\/Pobyt_Lanskroun_2023.jpg?resize=800%2C532&#038;ssl=1\" alt=\"\" class=\"wp-image-3496\" srcset=\"https:\/\/i0.wp.com\/www.duseprostor.cz\/wp-content\/uploads\/2023\/03\/Pobyt_Lanskroun_2023.jpg?resize=1024%2C681&amp;ssl=1 1024w, https:\/\/i0.wp.com\/www.duseprostor.cz\/wp-content\/uploads\/2023\/03\/Pobyt_Lanskroun_2023.jpg?resize=300%2C199&amp;ssl=1 300w, https:\/\/i0.wp.com\/www.duseprostor.cz\/wp-content\/uploads\/2023\/03\/Pobyt_Lanskroun_2023.jpg?resize=768%2C511&amp;ssl=1 768w, https:\/\/i0.wp.com\/www.duseprostor.cz\/wp-content\/uploads\/2023\/03\/Pobyt_Lanskroun_2023.jpg?resize=1536%2C1021&amp;ssl=1 1536w, https:\/\/i0.wp.com\/www.duseprostor.cz\/wp-content\/uploads\/2023\/03\/Pobyt_Lanskroun_2023.jpg?resize=2048%2C1362&amp;ssl=1 2048w, https:\/\/i0.wp.com\/www.duseprostor.cz\/wp-content\/uploads\/2023\/03\/Pobyt_Lanskroun_2023.jpg?resize=600%2C399&amp;ssl=1 600w, https:\/\/i0.wp.com\/www.duseprostor.cz\/wp-content\/uploads\/2023\/03\/Pobyt_Lanskroun_2023.jpg?resize=976%2C649&amp;ssl=1 976w, https:\/\/i0.wp.com\/www.duseprostor.cz\/wp-content\/uploads\/2023\/03\/Pobyt_Lanskroun_2023.jpg?w=1600&amp;ssl=1 1600w, https:\/\/i0.wp.com\/www.duseprostor.cz\/wp-content\/uploads\/2023\/03\/Pobyt_Lanskroun_2023.jpg?w=2400&amp;ssl=1 2400w\" sizes=\"(max-width: 800px) 100vw, 800px\" \/><\/figure>\n","protected":false},"excerpt":{"rendered":"<p>Mil\u00ed p\u0159\u00edznivci Du\u0161eProstoru! V m\u011bs\u00edci \u010dervnu a z\u00e1\u0159\u00ed se m\u016f\u017eete&nbsp;t\u011b\u0161it na v\u00edkendov\u00e9 pobyty. Jedn\u00e1 se o pobyty trvaj\u00edc\u00ed od p\u00e1tku do ned\u011ble. Zaji\u0161t\u011bno bude ubytov\u00e1n\u00ed i strava (polopenze) v kr\u00e1sn\u00e9m prost\u0159ed\u00ed uprost\u0159ed p\u0159\u00edrody. Prvn\u00ed pobyt m\u00e1me napl\u00e1novan\u00fd do Lan\u0161krounsk\u00e9ho kempu Knofl\u00edk. Term\u00edn je stanoven na 23. 6. 2023 a\u017e 25. 6. 2023. Je to bl\u00edzko [&hellip;]<\/p>\n","protected":false},"author":1,"featured_media":0,"comment_status":"closed","ping_status":"","sticky":false,"template":"","format":"standard","meta":{"_jetpack_memberships_contains_paid_content":false,"footnotes":""},"categories":[1],"tags":[],"class_list":["post-3495","post","type-post","status-publish","format-standard","hentry","category-svet"],"jetpack_sharing_enabled":true,"jetpack_featured_media_url":"","_links":{"self":[{"href":"https:\/\/www.duseprostor.cz\/index.php?rest_route=\/wp\/v2\/posts\/3495","targetHints":{"allow":["GET"]}}],"collection":[{"href":"https:\/\/www.duseprostor.cz\/index.php?rest_route=\/wp\/v2\/posts"}],"about":[{"href":"https:\/\/www.duseprostor.cz\/index.php?rest_route=\/wp\/v2\/types\/post"}],"author":[{"embeddable":true,"href":"https:\/\/www.duseprostor.cz\/index.php?rest_route=\/wp\/v2\/users\/1"}],"replies":[{"embeddable":true,"href":"https:\/\/www.duseprostor.cz\/index.php?rest_route=%2Fwp%2Fv2%2Fcomments&post=3495"}],"version-history":[{"count":4,"href":"https:\/\/www.duseprostor.cz\/index.php?rest_route=\/wp\/v2\/posts\/3495\/revisions"}],"predecessor-version":[{"id":3500,"href":"https:\/\/www.duseprostor.cz\/index.php?rest_route=\/wp\/v2\/posts\/3495\/revisions\/3500"}],"wp:attachment":[{"href":"https:\/\/www.duseprostor.cz\/index.php?rest_route=%2Fwp%2Fv2%2Fmedia&parent=3495"}],"wp:term":[{"taxonomy":"category","embeddable":true,"href":"https:\/\/www.duseprostor.cz\/index.php?rest_route=%2Fwp%2Fv2%2Fcategories&post=3495"},{"taxonomy":"post_tag","embeddable":true,"href":"https:\/\/www.duseprostor.cz\/index.php?rest_route=%2Fwp%2Fv2%2Ftags&post=3495"}],"curies":[{"name":"wp","href":"https:\/\/api.w.org\/{rel}","templated":true}]}}