{"id":5817,"date":"2025-11-04T20:07:25","date_gmt":"2025-11-04T20:07:25","guid":{"rendered":"https:\/\/www.duseprostor.cz\/?p=5817"},"modified":"2025-11-04T20:07:25","modified_gmt":"2025-11-04T20:07:25","slug":"fyzicke-tresty-na-detech-maji-opravdu-smysl","status":"publish","type":"post","link":"https:\/\/www.duseprostor.cz\/?p=5817","title":{"rendered":"Fyzick\u00e9 tresty na d\u011btech \u2013 maj\u00ed opravdu smysl?"},"content":{"rendered":"\n<p><em>V\u011bd\u011bli jste, \u017ee pokud chceme, aby na\u0161e d\u011bti z\u016fstaly v n\u00e1ro\u010dn\u00fdch situac\u00edch klidn\u00e9, mus\u00edme b\u00fdt nejd\u0159\u00edv klidn\u00ed my?<br>A stalo se v\u00e1m n\u011bkdy, \u017ee jste k\u0159i\u010deli na d\u011bti, aby p\u0159estaly k\u0159i\u010det \u2013 nebo \u017ee v\u00e1m \u201eulet\u011bla\u201c facka, i kdy\u017e jste to tak necht\u011bli?<\/em><\/p>\n\n\n\n<p><em>Zveme v\u00e1s na otev\u0159enou besedu o&nbsp;<\/em><strong><em>vlivu fyzick\u00fdch trest\u016f na d\u011bti<\/em><\/strong><em>, o&nbsp;<\/em><strong><em>m\u00fdtech a p\u0159esv\u011bd\u010den\u00edch<\/em><\/strong><em>, kter\u00e1 se s nimi poj\u00ed (\u201eM\u011b taky bili a nic mi nen\u00ed\u201c), i o tom,&nbsp;<\/em><strong><em>jak to d\u011blat jinak<\/em><\/strong><em>.<br>Spole\u010dn\u011b se zamysl\u00edme nad t\u00edm,&nbsp;<\/em><strong><em>co fyzick\u00e9 tresty d\u011btem skute\u010dn\u011b p\u0159ed\u00e1vaj\u00ed<\/em><\/strong><em>, jak ovliv\u0148uj\u00ed jejich vztah k n\u00e1m a jak zvl\u00e1dat situace, kdy se v n\u00e1s va\u0159\u00ed emoce.<\/em><\/p>\n\n\n\n<p><em>Nau\u010d\u00edte se&nbsp;<\/em><strong><em>praktick\u00e9 techniky pro zvl\u00e1dnut\u00ed vlastn\u00edch emoc\u00ed<\/em><\/strong><em>&nbsp;i emoc\u00ed d\u011bt\u00ed, zjist\u00edte,&nbsp;<\/em><strong><em>co d\u011blat, kdy\u017e k trestu dojde<\/em><\/strong><em>, a jak vztah znovu napravit.<br>Mo\u017en\u00e1 tato beseda nezm\u011bn\u00ed v\u00e1\u0161 n\u00e1zor hned, ale&nbsp;<\/em><strong><em>zasad\u00ed snad sem\u00ednko k zamy\u0161len\u00ed<\/em><\/strong><em>&nbsp;\u2013 a to je \u010dasto ten nejd\u016fle\u017eit\u011bj\u0161\u00ed prvn\u00ed krok.<\/em><\/p>\n\n\n\n<figure class=\"wp-block-image size-large\"><img data-recalc-dims=\"1\" fetchpriority=\"high\" decoding=\"async\" width=\"724\" height=\"1024\" src=\"https:\/\/i0.wp.com\/www.duseprostor.cz\/wp-content\/uploads\/2025\/11\/DP_fyzicke-tresty_plakat_1414x2000.png?resize=724%2C1024&#038;ssl=1\" alt=\"\" class=\"wp-image-5812\" srcset=\"https:\/\/i0.wp.com\/www.duseprostor.cz\/wp-content\/uploads\/2025\/11\/DP_fyzicke-tresty_plakat_1414x2000.png?resize=724%2C1024&amp;ssl=1 724w, https:\/\/i0.wp.com\/www.duseprostor.cz\/wp-content\/uploads\/2025\/11\/DP_fyzicke-tresty_plakat_1414x2000.png?resize=212%2C300&amp;ssl=1 212w, https:\/\/i0.wp.com\/www.duseprostor.cz\/wp-content\/uploads\/2025\/11\/DP_fyzicke-tresty_plakat_1414x2000.png?resize=768%2C1086&amp;ssl=1 768w, https:\/\/i0.wp.com\/www.duseprostor.cz\/wp-content\/uploads\/2025\/11\/DP_fyzicke-tresty_plakat_1414x2000.png?resize=1086%2C1536&amp;ssl=1 1086w, https:\/\/i0.wp.com\/www.duseprostor.cz\/wp-content\/uploads\/2025\/11\/DP_fyzicke-tresty_plakat_1414x2000.png?resize=566%2C800&amp;ssl=1 566w, https:\/\/i0.wp.com\/www.duseprostor.cz\/wp-content\/uploads\/2025\/11\/DP_fyzicke-tresty_plakat_1414x2000.png?resize=459%2C649&amp;ssl=1 459w, https:\/\/i0.wp.com\/www.duseprostor.cz\/wp-content\/uploads\/2025\/11\/DP_fyzicke-tresty_plakat_1414x2000.png?w=1414&amp;ssl=1 1414w\" sizes=\"(max-width: 724px) 100vw, 724px\" \/><\/figure>\n","protected":false},"excerpt":{"rendered":"<p>V\u011bd\u011bli jste, \u017ee pokud chceme, aby na\u0161e d\u011bti z\u016fstaly v n\u00e1ro\u010dn\u00fdch situac\u00edch klidn\u00e9, mus\u00edme b\u00fdt nejd\u0159\u00edv klidn\u00ed my?A stalo se v\u00e1m n\u011bkdy, \u017ee jste k\u0159i\u010deli na d\u011bti, aby p\u0159estaly k\u0159i\u010det \u2013 nebo \u017ee v\u00e1m \u201eulet\u011bla\u201c facka, i kdy\u017e jste to tak necht\u011bli? Zveme v\u00e1s na otev\u0159enou besedu o&nbsp;vlivu fyzick\u00fdch trest\u016f na d\u011bti, o&nbsp;m\u00fdtech a p\u0159esv\u011bd\u010den\u00edch, [&hellip;]<\/p>\n","protected":false},"author":1,"featured_media":0,"comment_status":"closed","ping_status":"","sticky":false,"template":"","format":"standard","meta":{"_jetpack_memberships_contains_paid_content":false,"footnotes":""},"categories":[1],"tags":[],"class_list":["post-5817","post","type-post","status-publish","format-standard","hentry","category-svet"],"jetpack_sharing_enabled":true,"jetpack_featured_media_url":"","_links":{"self":[{"href":"https:\/\/www.duseprostor.cz\/index.php?rest_route=\/wp\/v2\/posts\/5817","targetHints":{"allow":["GET"]}}],"collection":[{"href":"https:\/\/www.duseprostor.cz\/index.php?rest_route=\/wp\/v2\/posts"}],"about":[{"href":"https:\/\/www.duseprostor.cz\/index.php?rest_route=\/wp\/v2\/types\/post"}],"author":[{"embeddable":true,"href":"https:\/\/www.duseprostor.cz\/index.php?rest_route=\/wp\/v2\/users\/1"}],"replies":[{"embeddable":true,"href":"https:\/\/www.duseprostor.cz\/index.php?rest_route=%2Fwp%2Fv2%2Fcomments&post=5817"}],"version-history":[{"count":1,"href":"https:\/\/www.duseprostor.cz\/index.php?rest_route=\/wp\/v2\/posts\/5817\/revisions"}],"predecessor-version":[{"id":5818,"href":"https:\/\/www.duseprostor.cz\/index.php?rest_route=\/wp\/v2\/posts\/5817\/revisions\/5818"}],"wp:attachment":[{"href":"https:\/\/www.duseprostor.cz\/index.php?rest_route=%2Fwp%2Fv2%2Fmedia&parent=5817"}],"wp:term":[{"taxonomy":"category","embeddable":true,"href":"https:\/\/www.duseprostor.cz\/index.php?rest_route=%2Fwp%2Fv2%2Fcategories&post=5817"},{"taxonomy":"post_tag","embeddable":true,"href":"https:\/\/www.duseprostor.cz\/index.php?rest_route=%2Fwp%2Fv2%2Ftags&post=5817"}],"curies":[{"name":"wp","href":"https:\/\/api.w.org\/{rel}","templated":true}]}}