{"id":5881,"date":"2026-02-13T10:09:03","date_gmt":"2026-02-13T10:09:03","guid":{"rendered":"https:\/\/www.duseprostor.cz\/?p=5881"},"modified":"2026-04-15T17:30:15","modified_gmt":"2026-04-15T17:30:15","slug":"v-sobotu-14-2-2026","status":"publish","type":"post","link":"https:\/\/www.duseprostor.cz\/?p=5881","title":{"rendered":"V\u00edkendov\u00fd pobyt M\u00cdLOVY"},"content":{"rendered":"\n<p>&nbsp;V m\u011bs\u00edci&nbsp; \u010dervnu 2026 chyst\u00e1me pro V\u00e1s dal\u0161\u00ed v\u00edkendov\u00fd pobyt. Jedn\u00e1 se o pobyt trvaj\u00edc\u00ed od p\u00e1tku do ned\u011ble. Zaji\u0161t\u011bno bude ubytov\u00e1n\u00ed i strava (polopenze) v kr\u00e1sn\u00e9m prost\u0159ed\u00ed \u017d\u010f\u00e1rsk\u00fdch vrch\u016f.&nbsp;&nbsp;<\/p>\n\n\n\n<p>Pobyt m\u00e1me napl\u00e1novan\u00fd v obci Milovy v penzionu Posledn\u00ed m\u00edle. Term\u00edn je stanoven na&nbsp;19.6.2026 a\u017e 21.6.2026.&nbsp;M\u016f\u017eete tam dojet i ve\u0159ejnou dopravou. Autobusov\u00e1 stanice Milovy Sn\u011b\u017en\u00e9. Sraz v penzionu Posledn\u00ed M\u00edle m\u00e1me v p\u00e1tek ve 14:00 hod. v m\u00edstn\u00ed restauraci. Pokud by tam n\u011bkdo cht\u011bl ob\u011bdvat, klidn\u011b m\u016f\u017ee. Ubytujeme se na pokoj\u00edch n\u011bkdo po 2 a v\u011bt\u0161ina po 4 osob\u00e1ch. Po ve\u010de\u0159i n\u00e1m zbyde spousta \u010dasu na malou proch\u00e1zku po okol\u00ed. Dr\u00e1teni\u010dky a Malinsk\u00e1 sk\u00e1la jsou jen 3 km od ubytov\u00e1n\u00ed.&nbsp;<\/p>\n\n\n\n<p>Dr\u00e1tenick\u00e1 sk\u00e1la neboli Dr\u00e1teni\u010dky \u010di Dr\u00e1tn\u00edk, je vysok\u00e1 775 m n. m. a \u0159\u00edk\u00e1 se o n\u00ed, \u017ee je nejdominantn\u011bj\u0161\u00ed a nejkr\u00e1sn\u011bj\u0161\u00ed v okol\u00ed. Jedn\u00e1 se o mohutnou 200 m dlouhou, ale pom\u011brn\u011b velmi \u00fazkou, skaln\u00ed hradbu roz\u010dlen\u011bnou do n\u011bkolika vrchol\u016f, z nich\u017e nejvy\u0161\u0161\u00ed Sokol dosahuje v\u00fd\u0161ky a\u017e 35 m. Dr\u00e1teni\u010dky jsou zn\u00e1my p\u0159edev\u0161\u00edm milovn\u00edk\u016fm horolezectv\u00ed, nebo\u0165 lezen\u00ed je zde povoleno. Cel\u00fd \u00fatvar nab\u00edz\u00ed bezpo\u010det t\u011b\u017e\u0161\u00edch i leh\u010d\u00edch horolezeck\u00fdch cvi\u010dn\u00fdch cest a je celoro\u010dn\u011b voln\u011b p\u0159\u00edstupn\u00fd.<\/p>\n\n\n\n<p>Tak\u00e9 nastane \u010das pro volnou z\u00e1bavu. Vezm\u011bte si s&nbsp;sebou sv\u00e9 obl\u00edben\u00e9 hry, a\u0165 si m\u016f\u017eeme n\u011bco zahr\u00e1t.&nbsp; A ve\u010derka? Ka\u017ed\u00fd, jak se bude c\u00edtit\u2026<\/p>\n\n\n\n<p>Druh\u00fd den n\u00e1s \u010dek\u00e1 sn\u00eddan\u011b. Dopoledne se m\u016f\u017eeme vydat na proch\u00e1zku na \u010cty\u0159i palice, co\u017e je tak\u00e9 3km od ubytov\u00e1n\u00ed.&nbsp;P\u0159\u00edrodn\u00ed rezervace \u010cty\u0159i palice je sou\u010d\u00e1st\u00ed CHKO \u017d\u010f\u00e1rsk\u00e9 vrchy a le\u017e\u00ed v\u00fdchodn\u00edm sm\u011brem od obce K\u0159i\u017e\u00e1nky.<\/p>\n\n\n\n<p>P\u0159\u00edrodn\u00ed rezervace je tvo\u0159ena rulov\u00fdmi skaln\u00edmi \u00fatvary p\u0159ipom\u00ednaj\u00edc\u00ed \u010dty\u0159i palice, je\u017e vznikly mrazov\u00fdm zv\u011btr\u00e1v\u00e1n\u00edm hornin.<\/p>\n\n\n\n<p>&nbsp;Ve\u010der n\u00e1s \u010dek\u00e1 ve\u010de\u0159e a spole\u010densk\u00e9 hry.<\/p>\n\n\n\n<p>V ned\u011bli po sn\u00eddani m\u016f\u017eeme v kole\u010dku zhodnotit pobyt. Do 10 hodin mus\u00edme vyklidit pokoje.&nbsp;<\/p>\n\n\n\n<p>Po\u010det m\u00edst je omezen\u00fd, tak dlouho nev\u00e1hejte. A p\u0159ihla\u0161ujte se na email&nbsp;<a href=\"mailto:duseprostor@gmail.com\" rel=\"noreferrer noopener\" target=\"_blank\">duseprostor@gmail.com<\/a>&nbsp;nebo ne tel: 605 136 780&nbsp;nejpozd\u011bji do konce b\u0159ezna 2026.<\/p>\n\n\n\n<p>Pokud m\u00e1te dotazy ur\u010dit\u011b volejte.<\/p>\n\n\n\n<p>za Du\u0161eprostor V\u00e1s zdrav\u00ed a t\u011b\u0161\u00ed se na V\u00e1s Monika Mazlov\u00e1<\/p>\n\n\n\n<figure class=\"wp-block-image size-large\"><img data-recalc-dims=\"1\" fetchpriority=\"high\" decoding=\"async\" width=\"724\" height=\"1024\" src=\"https:\/\/i0.wp.com\/www.duseprostor.cz\/wp-content\/uploads\/2026\/02\/Milovy-1.png?resize=724%2C1024&#038;ssl=1\" alt=\"\" class=\"wp-image-5940\" srcset=\"https:\/\/i0.wp.com\/www.duseprostor.cz\/wp-content\/uploads\/2026\/02\/Milovy-1.png?resize=724%2C1024&amp;ssl=1 724w, https:\/\/i0.wp.com\/www.duseprostor.cz\/wp-content\/uploads\/2026\/02\/Milovy-1.png?resize=212%2C300&amp;ssl=1 212w, https:\/\/i0.wp.com\/www.duseprostor.cz\/wp-content\/uploads\/2026\/02\/Milovy-1.png?resize=768%2C1086&amp;ssl=1 768w, https:\/\/i0.wp.com\/www.duseprostor.cz\/wp-content\/uploads\/2026\/02\/Milovy-1.png?resize=1086%2C1536&amp;ssl=1 1086w, https:\/\/i0.wp.com\/www.duseprostor.cz\/wp-content\/uploads\/2026\/02\/Milovy-1.png?resize=566%2C800&amp;ssl=1 566w, https:\/\/i0.wp.com\/www.duseprostor.cz\/wp-content\/uploads\/2026\/02\/Milovy-1.png?resize=459%2C649&amp;ssl=1 459w, https:\/\/i0.wp.com\/www.duseprostor.cz\/wp-content\/uploads\/2026\/02\/Milovy-1.png?w=1414&amp;ssl=1 1414w\" sizes=\"(max-width: 724px) 100vw, 724px\" \/><\/figure>\n","protected":false},"excerpt":{"rendered":"<p>&nbsp;V m\u011bs\u00edci&nbsp; \u010dervnu 2026 chyst\u00e1me pro V\u00e1s dal\u0161\u00ed v\u00edkendov\u00fd pobyt. Jedn\u00e1 se o pobyt trvaj\u00edc\u00ed od p\u00e1tku do ned\u011ble. Zaji\u0161t\u011bno bude ubytov\u00e1n\u00ed i strava (polopenze) v kr\u00e1sn\u00e9m prost\u0159ed\u00ed \u017d\u010f\u00e1rsk\u00fdch vrch\u016f.&nbsp;&nbsp; Pobyt m\u00e1me napl\u00e1novan\u00fd v obci Milovy v penzionu Posledn\u00ed m\u00edle. Term\u00edn je stanoven na&nbsp;19.6.2026 a\u017e 21.6.2026.&nbsp;M\u016f\u017eete tam dojet i ve\u0159ejnou dopravou. Autobusov\u00e1 stanice Milovy Sn\u011b\u017en\u00e9. [&hellip;]<\/p>\n","protected":false},"author":1,"featured_media":0,"comment_status":"closed","ping_status":"","sticky":false,"template":"","format":"standard","meta":{"_jetpack_memberships_contains_paid_content":false,"footnotes":""},"categories":[1],"tags":[],"class_list":["post-5881","post","type-post","status-publish","format-standard","hentry","category-svet"],"jetpack_sharing_enabled":true,"jetpack_featured_media_url":"","_links":{"self":[{"href":"https:\/\/www.duseprostor.cz\/index.php?rest_route=\/wp\/v2\/posts\/5881","targetHints":{"allow":["GET"]}}],"collection":[{"href":"https:\/\/www.duseprostor.cz\/index.php?rest_route=\/wp\/v2\/posts"}],"about":[{"href":"https:\/\/www.duseprostor.cz\/index.php?rest_route=\/wp\/v2\/types\/post"}],"author":[{"embeddable":true,"href":"https:\/\/www.duseprostor.cz\/index.php?rest_route=\/wp\/v2\/users\/1"}],"replies":[{"embeddable":true,"href":"https:\/\/www.duseprostor.cz\/index.php?rest_route=%2Fwp%2Fv2%2Fcomments&post=5881"}],"version-history":[{"count":5,"href":"https:\/\/www.duseprostor.cz\/index.php?rest_route=\/wp\/v2\/posts\/5881\/revisions"}],"predecessor-version":[{"id":5942,"href":"https:\/\/www.duseprostor.cz\/index.php?rest_route=\/wp\/v2\/posts\/5881\/revisions\/5942"}],"wp:attachment":[{"href":"https:\/\/www.duseprostor.cz\/index.php?rest_route=%2Fwp%2Fv2%2Fmedia&parent=5881"}],"wp:term":[{"taxonomy":"category","embeddable":true,"href":"https:\/\/www.duseprostor.cz\/index.php?rest_route=%2Fwp%2Fv2%2Fcategories&post=5881"},{"taxonomy":"post_tag","embeddable":true,"href":"https:\/\/www.duseprostor.cz\/index.php?rest_route=%2Fwp%2Fv2%2Ftags&post=5881"}],"curies":[{"name":"wp","href":"https:\/\/api.w.org\/{rel}","templated":true}]}}